{"id":9241,"date":"2022-03-03T02:23:29","date_gmt":"2022-03-03T05:23:29","guid":{"rendered":"https:\/\/fmis-law.com.br\/?p=9241"},"modified":"2022-03-10T02:41:43","modified_gmt":"2022-03-10T05:41:43","slug":"como-a-decisao-do-rol-da-ans-pode-impactar-a-cobertura-para-clientes-de-planos-de-saude","status":"publish","type":"post","link":"https:\/\/fmis-law.com.br\/en\/como-a-decisao-do-rol-da-ans-pode-impactar-a-cobertura-para-clientes-de-planos-de-saude\/","title":{"rendered":"How the decision on the ANS role can impact coverage for health plan customers \u2013 Neg\u00f3cios"},"content":{"rendered":"<p>STJ decidiria na semana passada se lista de procedimentos \u00e9 considerada exemplificativa ou taxativa, mas discuss\u00e3o foi adiada<\/p>\n<p>Escrito por\u00a0<b id=\"author\" class=\"text-gray-900\">Heloisa Vasconcelos<\/b><\/p>\n<p>&nbsp;<\/p>\n<p>O Superior Tribunal de Justi\u00e7a (STJ) adiou na \u00faltima semana a decis\u00e3o se o\u00a0<strong>rol de procedimentos\u00a0<\/strong>definidos pela Ag\u00eancia Nacional de Sa\u00fade Suplementar (ANS) deve ser considerado exemplificativo ou taxativo.<\/p>\n<p>A decis\u00e3o deve ser definida em um prazo de at\u00e9 90 dias, quando o tema entrar\u00e1 em pauta novamente. O julgamento do STJ pode ter impacto imediato sobre\u00a0<strong>usu\u00e1rios de planos de sa\u00fade<\/strong>, sobretudo pessoas com necessidade de tratamentos espec\u00edficos.<\/p>\n<p>A ANS possui uma lista de mais de 3 mil tipos de consultas, exames, terapias e cirurgias com cobertura obrigat\u00f3ria por parte dos planos de sa\u00fade. Hoje, contudo, segurados que precisam de algum procedimento que n\u00e3o est\u00e1 na lista conseguem entrar na justi\u00e7a para garantir a cobertura do plano.<\/p>\n<p>Caso o STJ julgue o rol de procedimentos como taxativo, as operadoras de sa\u00fade ter\u00e3o de cobrir apenas os itens definidos pela lista da ANS.<\/p>\n<h2>Taxativo ou exemplificativo?<\/h2>\n<p>Duas vis\u00f5es sobre como interpretar o rol de procedimentos da ANS divide os ministros do STJ: se ele \u00e9 uma lista fixa ou apenas sugestiva.<\/p>\n<blockquote class=\"font-sans flex flex-col items-center p-4 lg:px-16\">\n<div class=\"text-gray-600 text-center\">\u201cO taxativo \u00e9 uma lista fechada e se n\u00e3o estiver l\u00e1 a pessoa vai ter que pagar do pr\u00f3prio bolso. O exemplificativo \u00e9 o que temos hoje, o plano de sa\u00fade tem que cobrir independentemente de estar ou n\u00e3o no rol da ANS\u201d, resume advogado especializado em direito m\u00e9dico e mestre em direito pela PUC-SP, Washington Fonseca.<\/div>\n<\/blockquote>\n<p>&nbsp;<\/p>\n<p>Para o presidente da Associa\u00e7\u00e3o Cearense de Defesa ao Consumidor (ACDC), Thiago Fujita, a interpreta\u00e7\u00e3o da lista como taxativa dificulta o acesso do consumidor a procedimentos mais espec\u00edficos, afetando sobretudo pessoas com doen\u00e7as graves ou necessidades especiais.<\/p>\n<p>Ele acrescenta que a lista n\u00e3o tem atualiza\u00e7\u00e3o h\u00e1 algum tempo. Limitar a cobertura dos planos de sa\u00fade, segundo ele, faz com que o segurado precise arcar do pr\u00f3prio bolso para ter acesso a procedimentos que podem ser importantes para a vida do paciente.<\/p>\n<p>&nbsp;<\/p>\n<blockquote class=\"font-sans flex flex-col items-center p-4 lg:px-16\">\n<div class=\"mb-2\"><\/div>\n<div class=\"text-gray-600 text-center\">\n<p>Entretanto, existe uma preocupa\u00e7\u00e3o muito grande de se engessar a cobertura de sa\u00fade observando que estamos lidando com a sa\u00fade e a vida do consumidor. Quando h\u00e1 uma recusa, muitas vezes o consumidor tem que ir \u00e0 justi\u00e7a e, sendo exemplificativo, o juiz tem a interpreta\u00e7\u00e3o de quem deve decidir [a cobertura ou n\u00e3o] \u00e9 o m\u00e9dico<\/p>\n<div class=\"mt-4 text-base\">\n<div class=\"text-accent uppercase\">THIAGO FUJITA<\/div>\n<div>presidente da ACDC<\/div>\n<\/div>\n<\/div>\n<\/blockquote>\n<p>&nbsp;<\/p>\n<p>Washington pontua, ainda, que a decis\u00e3o do STJ pode levar um n\u00famero maior de pessoas em busca do SUS, que pode ficar sobrecarregado.<\/p>\n<p>\u201cA quest\u00e3o \u00e9 que se essa decis\u00e3o do taxativo permanecer, as pessoas v\u00e3o continuar pagando pelo plano de sa\u00fade, mas se tiver alguma doen\u00e7a que n\u00e3o conste do rol, v\u00e3o ter que pagar do pr\u00f3prio bolso. As pessoas v\u00e3o ter uma tend\u00eancia maior de migrar e procurar o SUS mesmo com plano de sa\u00fade\u201d, explica.<\/p>\n<h2><strong>Pre\u00e7o dos planos de sa\u00fade\u00a0<\/strong><\/h2>\n<p>Washington Fonseca considera que n\u00e3o deve haver qualquer altera\u00e7\u00e3o sobre o pre\u00e7o dos planos de sa\u00fade a depender da decis\u00e3o do STJ.<\/p>\n<p>Ele afirma que as operadoras n\u00e3o ir\u00e3o baixar os pre\u00e7os ou diminuir reajustes, mesmo diante do menor n\u00famero de procedimentos a ser coberto caso a lista seja considerada taxativa.<\/p>\n<p>O advogado compara a situa\u00e7\u00e3o com a decis\u00e3o sobre pagamento de despacho de bagagens, no setor a\u00e9reo. \u201cFoi dito que o pre\u00e7o das passagens diminuiria, mas n\u00e3o foi isso que vimos\u201d, defende.<\/p>\n<p>\u201cDiminui\u00e7\u00e3o dos pre\u00e7os n\u00e3o \u00e9 algo que o consumidor poder\u00e1 esperar. O que eles podem \u00e9 dizer que os reajustes ter\u00e3o uma perspectiva menor porque tem previsibilidade. Mas eu que trabalho h\u00e1 15 anos no direito do consumidor, n\u00e3o acredito\u201d, ressalta Thiago Fujita.<\/p>\n<p>Em nota, a ANS defendeu que o Rol de Procedimentos e Eventos em Sa\u00fade tem car\u00e1ter taxativo. E, sendo exemplificativo, poderia haver impacto na defini\u00e7\u00e3o de pre\u00e7os.<\/p>\n<p>&nbsp;<\/p>\n<blockquote class=\"font-sans flex flex-col items-center p-4 lg:px-16\">\n<div class=\"mb-2\"><\/div>\n<div class=\"text-gray-600 text-center\">\n<p>Vale destacar ainda que, al\u00e9m da falta de padroniza\u00e7\u00e3o das coberturas, o car\u00e1ter exemplificativo do rol &#8211; por n\u00e3o conferir previsibilidade quanto aos procedimentos e eventos que podem vir a ser utilizados &#8211; tenderia a elevar os valores cobrados pelas operadoras aos seus benefici\u00e1rios, como forma de evitar a sustentabilidade de suas carteiras ANS<\/p>\n<div class=\"mt-4 text-base\">\n<div><\/div>\n<\/div>\n<\/div>\n<\/blockquote>\n<p>&nbsp;<\/p>\n<h2><strong>A\u00e7\u00f5es regulat\u00f3rias\u00a0<\/strong><\/h2>\n<p>Segundo a ag\u00eancia, a lista serve como base para que possam ser aplicadas a\u00e7\u00f5es regulat\u00f3rias, como fiscaliza\u00e7\u00e3o do atendimento das coberturas, cobran\u00e7a de ressarcimento ao SUS e defini\u00e7\u00e3o das margens de solv\u00eancia e liquidez das operadoras.<\/p>\n<p>A ANS tamb\u00e9m reiterou que \u201cvem aprimorando sistematicamente\u201d o processo de atualiza\u00e7\u00e3o do rol, para que ele seja \u00e1gil, acess\u00edvel e esteja de acordo com o que h\u00e1 de mais moderno na medicina.<\/p>\n<p>\u201cAssumir que o rol seja meramente exemplificativo significa, no limite, atribuir a cada um dos ju\u00edzes do Brasil a prerrogativa de determinar a inclus\u00e3o de cobertura n\u00e3o prevista em contrato ou no rol de cobertura m\u00ednima, o que traria o aumento da judicializa\u00e7\u00e3o no setor de sa\u00fade e enorme inseguran\u00e7a ao setor de sa\u00fade suplementar, na medida em que seria imposs\u00edvel mensurar adequadamente quais os riscos estariam efetivamente cobertos. O que impacta na defini\u00e7\u00e3o do pre\u00e7o dos produtos\u201d, destaca.<\/p>\n<p>&nbsp;<\/p>\n<hr \/>\n<p><strong>Fonte:<\/strong> DI\u00c1RIO DO NORDESTE &#8211;\u00a0 https:\/\/diariodonordeste.verdesmares.com.br\/negocios\/como-a-decisao-do-rol-da-ans-pode-impactar-a-cobertura-para-clientes-de-planos-de-saude-1.3198639<\/p>\n<p><img loading=\"lazy\" decoding=\"async\" class=\"alignnone wp-image-9246 size-full aligncenter\" src=\"https:\/\/fmis-law.com.br\/wp-content\/uploads\/2022\/03\/unnamed.png\" alt=\"\" width=\"662\" height=\"1583\" srcset=\"https:\/\/fmis-law.com.br\/wp-content\/uploads\/2022\/03\/unnamed.png 662w, https:\/\/fmis-law.com.br\/wp-content\/uploads\/2022\/03\/unnamed-125x300.png 125w, https:\/\/fmis-law.com.br\/wp-content\/uploads\/2022\/03\/unnamed-428x1024.png 428w, https:\/\/fmis-law.com.br\/wp-content\/uploads\/2022\/03\/unnamed-642x1536.png 642w, https:\/\/fmis-law.com.br\/wp-content\/uploads\/2022\/03\/unnamed-5x12.png 5w\" sizes=\"auto, (max-width: 662px) 100vw, 662px\" \/><\/p>\n","protected":false},"excerpt":{"rendered":"<p>STJ decidiria na semana passada se lista de procedimentos \u00e9 considerada exemplificativa ou taxativa, mas discuss\u00e3o foi adiada Escrito por\u00a0Heloisa Vasconcelos &nbsp; O Superior Tribunal de Justi\u00e7a (STJ) adiou na \u00faltima semana a decis\u00e3o se o\u00a0rol de procedimentos\u00a0definidos pela Ag\u00eancia Nacional de Sa\u00fade Suplementar (ANS) deve ser considerado exemplificativo ou taxativo. A decis\u00e3o deve ser [&hellip;]<\/p>\n","protected":false},"author":1,"featured_media":9243,"comment_status":"closed","ping_status":"closed","sticky":false,"template":"","format":"standard","meta":{"footnotes":"","_links_to":"","_links_to_target":""},"categories":[12],"tags":[],"class_list":["post-9241","post","type-post","status-publish","format-standard","has-post-thumbnail","hentry","category-noticias"],"_links":{"self":[{"href":"https:\/\/fmis-law.com.br\/en\/wp-json\/wp\/v2\/posts\/9241","targetHints":{"allow":["GET"]}}],"collection":[{"href":"https:\/\/fmis-law.com.br\/en\/wp-json\/wp\/v2\/posts"}],"about":[{"href":"https:\/\/fmis-law.com.br\/en\/wp-json\/wp\/v2\/types\/post"}],"author":[{"embeddable":true,"href":"https:\/\/fmis-law.com.br\/en\/wp-json\/wp\/v2\/users\/1"}],"replies":[{"embeddable":true,"href":"https:\/\/fmis-law.com.br\/en\/wp-json\/wp\/v2\/comments?post=9241"}],"version-history":[{"count":0,"href":"https:\/\/fmis-law.com.br\/en\/wp-json\/wp\/v2\/posts\/9241\/revisions"}],"wp:featuredmedia":[{"embeddable":true,"href":"https:\/\/fmis-law.com.br\/en\/wp-json\/wp\/v2\/media\/9243"}],"wp:attachment":[{"href":"https:\/\/fmis-law.com.br\/en\/wp-json\/wp\/v2\/media?parent=9241"}],"wp:term":[{"taxonomy":"category","embeddable":true,"href":"https:\/\/fmis-law.com.br\/en\/wp-json\/wp\/v2\/categories?post=9241"},{"taxonomy":"post_tag","embeddable":true,"href":"https:\/\/fmis-law.com.br\/en\/wp-json\/wp\/v2\/tags?post=9241"}],"curies":[{"name":"wp","href":"https:\/\/api.w.org\/{rel}","templated":true}]}}